{"id":1652,"__str__":"Parecer - Comiss\u00e3o de Justi\u00e7a e Reda\u00e7\u00e3o de 16/08/2022 por Vereador Relator","link_detail_backend":"/materia/documentoacessorio/1652","metadata":{},"nome":"Comiss\u00e3o de Justi\u00e7a e Reda\u00e7\u00e3o","data":"2022-08-16","autor":"Vereador Relator","ementa":"","indexacao":"","arquivo":"http://sapl.saojosedobarreiro.sp.leg.br/media/sapl/public/documentoacessorio/2022/1652/just_red.pdf","data_ultima_atualizacao":"2022-08-24T11:32:27.819866-03:00","materia":1584,"tipo":1}