{"id":909,"__str__":"Parecer - Comiss\u00e3o de Justi\u00e7a e Reda\u00e7\u00e3o de 04/12/2018 por Vereador Relator","link_detail_backend":"/materia/documentoacessorio/909","metadata":{},"nome":"Comiss\u00e3o de Justi\u00e7a e Reda\u00e7\u00e3o","data":"2018-12-04","autor":"Vereador Relator","ementa":"","indexacao":"","arquivo":"http://sapl.saojosedobarreiro.sp.leg.br/media/sapl/public/documentoacessorio/2018/909/com_just_red.pdf","data_ultima_atualizacao":"2019-02-04T14:28:37.614649-02:00","materia":832,"tipo":1}